{"id":1023,"date":"2020-02-23T19:15:52","date_gmt":"2020-02-23T19:15:52","guid":{"rendered":"http:\/\/www.kd-varazdin.hr\/?p=1023"},"modified":"2020-02-24T11:22:07","modified_gmt":"2020-02-24T11:22:07","slug":"proljetni-tecaj-poslusnosti-3","status":"publish","type":"post","link":"http:\/\/www.kd-varazdin.hr\/?p=1023","title":{"rendered":"Proljetni te\u010daj poslu\u0161nosti"},"content":{"rendered":"<p>U nedjelju, 01.03.2020. u 09h pozivamo sve zainteresirane za te\u010daj poslu\u0161nosti da do\u0111u na teren Dru\u0161tva (Trg Pavla \u0160toosa 39a, Vara\u017edin) na neobvezuju\u0107i informativni sastanak na kojem se mogu saznati svi detalji o te\u010daju te saznati termin\u00a0po\u010detka te\u010daja, a za eventualne dodatne informacije mo\u017eete poslati upit na\u00a0<a href=\"mailto:tkanjuh@gmail.com\">tkanjuh@gmail.com<\/a>.<\/p>\n<p><a href=\"http:\/\/www.kd-varazdin.hr\/wp-content\/uploads\/2020\/02\/20190922_100405.jpg\"><img loading=\"lazy\" decoding=\"async\" class=\"alignnone wp-image-1024 size-large\" src=\"http:\/\/www.kd-varazdin.hr\/wp-content\/uploads\/2020\/02\/20190922_100405-1024x498.jpg\" alt=\"\" width=\"525\" height=\"255\" srcset=\"http:\/\/www.kd-varazdin.hr\/wp-content\/uploads\/2020\/02\/20190922_100405-1024x498.jpg 1024w, http:\/\/www.kd-varazdin.hr\/wp-content\/uploads\/2020\/02\/20190922_100405-300x146.jpg 300w, http:\/\/www.kd-varazdin.hr\/wp-content\/uploads\/2020\/02\/20190922_100405-768x373.jpg 768w\" sizes=\"auto, (max-width: 525px) 100vw, 525px\" \/><\/a><\/p>\n<p>Na informativni sastanak vlasnici dolaze bez psa.<br \/>\nDolazak na sastanak Vas ne obavezuje da te\u010daj i poha\u0111ate!<\/p>\n<p><a href=\"http:\/\/www.kd-varazdin.hr\/wp-content\/uploads\/2020\/02\/20190922_101518.jpg\"><img loading=\"lazy\" decoding=\"async\" class=\"alignnone wp-image-1025 size-large\" src=\"http:\/\/www.kd-varazdin.hr\/wp-content\/uploads\/2020\/02\/20190922_101518-1024x498.jpg\" alt=\"\" width=\"525\" height=\"255\" srcset=\"http:\/\/www.kd-varazdin.hr\/wp-content\/uploads\/2020\/02\/20190922_101518-1024x498.jpg 1024w, http:\/\/www.kd-varazdin.hr\/wp-content\/uploads\/2020\/02\/20190922_101518-300x146.jpg 300w, http:\/\/www.kd-varazdin.hr\/wp-content\/uploads\/2020\/02\/20190922_101518-768x373.jpg 768w\" sizes=\"auto, (max-width: 525px) 100vw, 525px\" \/><\/a><\/p>\n<p><strong>Uvjeti za upis na te\u010daj<\/strong>:<\/p>\n<ul>\n<li>zdrav i \u010dipiran pas,<\/li>\n<li>cijepljen protiv bjesno\u0107e i zaraznih bolesti<\/li>\n<li>starost psa od cca. 6 mjeseci na dalje<\/li>\n<\/ul>\n<p><strong>Te\u010daj poslu\u0161nosti<\/strong>\u00a0&#8211; naglasak se daje pravilnom kontaktu vlasnika i njegovog psa, pona\u0161anju pasa u blizini drugih osoba i pasa, poku\u0161avaju se promijeniti lo\u0161e navike ako postoje, te se u\u010de vje\u017ebe: pra\u0107enje na opu\u0161tenom povodniku, kretanje kroz grupu ljudi, vje\u017ebe sjedi i lezi, dolazak na poziv, te ostavljanje psa u le\u017ee\u0107em polo\u017eaju uz ometanje drugih pasa.<br \/>\nNa kraju te\u010daja polaznici savladane vje\u017ebe pokazuju na pokaznom ispitu.<\/p>\n","protected":false},"excerpt":{"rendered":"<p>U nedjelju, 01.03.2020. u 09h pozivamo sve zainteresirane za te\u010daj poslu\u0161nosti da do\u0111u na teren Dru\u0161tva (Trg Pavla \u0160toosa 39a, Vara\u017edin) na neobvezuju\u0107i informativni sastanak na kojem se mogu saznati svi detalji o te\u010daju te saznati termin\u00a0po\u010detka te\u010daja, a za eventualne dodatne informacije mo\u017eete poslati upit na\u00a0tkanjuh@gmail.com. Na informativni sastanak vlasnici dolaze bez psa. Dolazak &hellip; <\/p>\n<p class=\"link-more\"><a href=\"http:\/\/www.kd-varazdin.hr\/?p=1023\" class=\"more-link\">Nastavi \u010ditati<span class=\"screen-reader-text\"> &#8220;Proljetni te\u010daj poslu\u0161nosti&#8221;<\/span><\/a><\/p>\n","protected":false},"author":2,"featured_media":0,"comment_status":"closed","ping_status":"open","sticky":false,"template":"","format":"standard","meta":{"footnotes":""},"categories":[12],"tags":[],"class_list":["post-1023","post","type-post","status-publish","format-standard","hentry","category-predavanja-i-tecajevi"],"_links":{"self":[{"href":"http:\/\/www.kd-varazdin.hr\/index.php?rest_route=\/wp\/v2\/posts\/1023","targetHints":{"allow":["GET"]}}],"collection":[{"href":"http:\/\/www.kd-varazdin.hr\/index.php?rest_route=\/wp\/v2\/posts"}],"about":[{"href":"http:\/\/www.kd-varazdin.hr\/index.php?rest_route=\/wp\/v2\/types\/post"}],"author":[{"embeddable":true,"href":"http:\/\/www.kd-varazdin.hr\/index.php?rest_route=\/wp\/v2\/users\/2"}],"replies":[{"embeddable":true,"href":"http:\/\/www.kd-varazdin.hr\/index.php?rest_route=%2Fwp%2Fv2%2Fcomments&post=1023"}],"version-history":[{"count":10,"href":"http:\/\/www.kd-varazdin.hr\/index.php?rest_route=\/wp\/v2\/posts\/1023\/revisions"}],"predecessor-version":[{"id":1035,"href":"http:\/\/www.kd-varazdin.hr\/index.php?rest_route=\/wp\/v2\/posts\/1023\/revisions\/1035"}],"wp:attachment":[{"href":"http:\/\/www.kd-varazdin.hr\/index.php?rest_route=%2Fwp%2Fv2%2Fmedia&parent=1023"}],"wp:term":[{"taxonomy":"category","embeddable":true,"href":"http:\/\/www.kd-varazdin.hr\/index.php?rest_route=%2Fwp%2Fv2%2Fcategories&post=1023"},{"taxonomy":"post_tag","embeddable":true,"href":"http:\/\/www.kd-varazdin.hr\/index.php?rest_route=%2Fwp%2Fv2%2Ftags&post=1023"}],"curies":[{"name":"wp","href":"https:\/\/api.w.org\/{rel}","templated":true}]}}